{"id":5189,"date":"2025-12-12T12:48:25","date_gmt":"2025-12-12T11:48:25","guid":{"rendered":"https:\/\/bntbusiness.es\/blog\/?p=5189"},"modified":"2025-12-10T13:22:42","modified_gmt":"2025-12-10T12:22:42","slug":"calendario-laboral-2026-festivos-nacionales","status":"publish","type":"post","link":"https:\/\/bntbusiness.es\/blog\/calendario-laboral-2026-festivos-nacionales\/","title":{"rendered":"Calendario de Festivos Nacionales 2026: Planifica tu Estrategia para el Pr\u00f3ximo A\u00f1o"},"content":{"rendered":"\n<p>Anticiparse es la diferencia entre perder oportunidades o maximizar la eficiencia. Para las empresas con sedes en distintos puntos de Espa\u00f1a o con clientes a nivel nacional, conocer el <strong>Calendario Laboral 2026<\/strong> no es solo cuesti\u00f3n de marcar d\u00edas libres: es fundamental para organizar turnos, gestionar vacaciones y, sobre todo, asegurar que tu <strong>atenci\u00f3n telef\u00f3nica<\/strong> nunca se detenga.<\/p>\n\n\n\n<p><a href=\"https:\/\/bntbusiness.es\/\">En BNT Business<\/a> hemos desglosado los <strong>festivos nacionales<\/strong> clave del pr\u00f3ximo a\u00f1o para ayudarte a planificar tu estrategia operativa.<\/p>\n\n\n\n<h2 class=\"wp-block-heading\">Festivos nacionales en Espa\u00f1a 2026<\/h2>\n\n\n\n<p>A diferencia de otros a\u00f1os, el 2026 viene cargado de festivos que caen en viernes o lunes, lo que facilita fines de semana largos, pero tambi\u00e9n exige una mayor planificaci\u00f3n de guardias.<\/p>\n\n\n\n<ul class=\"wp-block-list\">\n<li><strong>1 de enero (Jueves)<\/strong> &#8211; A\u00f1o Nuevo<\/li>\n\n\n\n<li><strong><strong>6 de enero (Martes)<\/strong><\/strong> \u2013 Epifan\u00eda del Se\u00f1or<\/li>\n\n\n\n<li><strong>3 de abril (Viernes)<\/strong> \u2013 Viernes Santo<\/li>\n\n\n\n<li><strong>1 de mayo (Viernes)<\/strong> \u2013 D\u00eda del Trabajo<\/li>\n\n\n\n<li><strong>15 de agosto (S\u00e1bado)<\/strong> \u2013 Asunci\u00f3n de la Virgen<\/li>\n\n\n\n<li><strong>12 de octubre (Lunes)<\/strong> \u2013 Fiesta Nacional de Espa\u00f1a<\/li>\n\n\n\n<li><strong>8 de diciembre (Martes)<\/strong> \u2013 Inmaculada Concepci\u00f3n<\/li>\n\n\n\n<li><strong>25 de diciembre (Viernes)<\/strong> \u2013 Navidad<br><\/li>\n<\/ul>\n\n\n\n<p><\/p>\n\n\n\n<div data-wp-interactive=\"core\/file\" class=\"wp-block-file\"><object data-wp-bind--hidden=\"!state.hasPdfPreview\" hidden class=\"wp-block-file__embed\" data=\"https:\/\/bntbusiness.es\/blog\/wp-content\/uploads\/2025\/12\/Planifica-tus-Estrategias-con-el-Calendario-de-Festivos-de-2026BNT-3.pdf\" type=\"application\/pdf\" style=\"width:100%;height:1130px\" aria-label=\"Incrustado de Planifica-tus-Estrategias-con-el-Calendario-de-Festivos-de-2026BNT.\"><\/object><a id=\"wp-block-file--media-0c87bb3e-70a3-450b-a03b-1940794c955d\" href=\"https:\/\/bntbusiness.es\/blog\/wp-content\/uploads\/2025\/12\/Planifica-tus-Estrategias-con-el-Calendario-de-Festivos-de-2026BNT-3.pdf\" target=\"_blank\" rel=\"noreferrer noopener\">Planifica-tus-Estrategias-con-el-Calendario-de-Festivos-de-2026BNT<\/a><a href=\"https:\/\/bntbusiness.es\/blog\/wp-content\/uploads\/2025\/12\/Planifica-tus-Estrategias-con-el-Calendario-de-Festivos-de-2026BNT-3.pdf\" class=\"wp-block-file__button wp-element-button\" download aria-describedby=\"wp-block-file--media-0c87bb3e-70a3-450b-a03b-1940794c955d\">Descarga<\/a><\/div>\n\n\n\n<div class=\"wp-block-group\"><div class=\"wp-block-group__inner-container is-layout-constrained wp-block-group-is-layout-constrained\">\n<p><strong>Nota Importante:<\/strong> recuerda que a estos festivos nacionales debes sumar los <strong>festivos auton\u00f3micos y locales<\/strong> de cada una de tus sedes.<\/p>\n<\/div><\/div>\n\n\n\n<h2 class=\"wp-block-heading\">Consejos para gestionar tu Centralita VoIP en festivos<\/h2>\n\n\n\n<p>Tener el calendario es el primer paso; el segundo es adaptar tu tecnolog\u00eda para no perder ni una sola llamada importante. Como expertos en <strong><a href=\"https:\/\/bntbusiness.es\/centralita-virtual-ip4business\">centralitas para empresas<\/a><\/strong>, te recomendamos:<\/p>\n\n\n\n<ol start=\"1\" class=\"wp-block-list\">\n<li><strong>Programa los desv\u00edos con antelaci\u00f3n.<\/strong><br>No esperes al \u00faltimo d\u00eda. Con nuestra centralita en la nube, puedes dejar programadas las reglas horarias para todo el 2026 hoy mismo.<br><\/li>\n\n\n\n<li><strong>Personaliza las locuciones.<\/strong><br>La imagen de tu empresa se mantiene incluso cuando est\u00e1s cerrado.<br><strong>Cierre total:<\/strong> aseg\u00farate de que el mensaje de bienvenida informe claramente de la fecha y hora exacta de regreso.<br><strong>Servicios Cr\u00edticos (Hoteles\/Hospitales):<\/strong> adapta la IVR (men\u00fa de opciones) para que, en caso de urgencia, la llamada salte a un m\u00f3vil externo inmediatamente.<br><\/li>\n\n\n\n<li><strong>Movilidad y teletrabajo para los \u00abPuentes\u00bb<\/strong><br>Para esos d\u00edas intermedios (como el 5 de enero o el 7 de diciembre), donde la oficina f\u00edsica puede estar medio vac\u00eda, facilita la conciliaci\u00f3n. Configura las extensiones fijas en los <strong>m\u00f3viles de tus empleados (Softphone)<\/strong>. As\u00ed, tu equipo puede atender llamadas desde casa con total transparencia para el cliente, asegurando la operatividad sin necesidad de presencia f\u00edsica en la oficina.<\/li>\n<\/ol>\n\n\n\n<div class=\"wp-block-group is-nowrap is-layout-flex wp-container-core-group-is-layout-ad2f72ca wp-block-group-is-layout-flex\">\n<div class=\"wp-block-columns is-layout-flex wp-container-core-columns-is-layout-9d6595d7 wp-block-columns-is-layout-flex\">\n<div class=\"wp-block-column is-layout-flow wp-block-column-is-layout-flow\" style=\"flex-basis:100%\"><\/div>\n<\/div>\n<\/div>\n\n\n\n<p>El 2026 est\u00e1 a la vuelta de la esquina. No dejes que un festivo mal planificado afecte a tu facturaci\u00f3n o a la satisfacci\u00f3n de tus clientes. Revisa tu configuraci\u00f3n hoy mismo.<\/p>\n\n\n\n<p><strong>\u00bfNecesitas ayuda para configurar los festivos en tu centralita BNT?<\/strong> <br>Contacta con nuestro soporte t\u00e9cnico y dejaremos tu calendario listo para todo el a\u00f1o.<\/p>\n\n\n\n<div class=\"wp-block-buttons is-layout-flex wp-block-buttons-is-layout-flex\">\n<div class=\"wp-block-button\"><a class=\"wp-block-button__link has-background wp-element-button\" href=\"https:\/\/bntbusiness.es\/contacto\" style=\"background-color:#e6007e\">Contactar<\/a><\/div>\n<\/div>\n\n\n\n<p><\/p>\n\n\n","protected":false},"excerpt":{"rendered":"<p>Anticiparse es la diferencia entre perder oportunidades o maximizar la eficiencia. Para las empresas con sedes en distintos puntos de Espa\u00f1a o con clientes a nivel nacional, conocer el Calendario Laboral 2026 no es solo cuesti\u00f3n de marcar d\u00edas libres: es fundamental para organizar turnos, gestionar vacaciones y, sobre todo, asegurar que tu atenci\u00f3n telef\u00f3nica [&hellip;]<\/p>\n","protected":false},"author":2,"featured_media":5208,"comment_status":"closed","ping_status":"closed","sticky":false,"template":"","format":"standard","meta":{"footnotes":""},"categories":[12,3,4,13],"tags":[18,23,5],"class_list":["post-5189","post","type-post","status-publish","format-standard","has-post-thumbnail","hentry","category-centralitas","category-noticias","category-novedades-bnt-business","category-teletrabajo","tag-calendario","tag-calendario-de-festivos","tag-centralita-virtual"],"yoast_head":"<!-- This site is optimized with the Yoast SEO plugin v25.9 - https:\/\/yoast.com\/wordpress\/plugins\/seo\/ -->\n<title>Calendario laboral 2026: Festivos nacionales | BNT<\/title>\n<meta name=\"description\" content=\"Conoce el calendario laboral 2026. Lista de festivos nacionales y consejos para gestionar tu centralita y horarios de empresa con antelaci\u00f3n.\" \/>\n<meta name=\"robots\" content=\"index, follow, max-snippet:-1, max-image-preview:large, max-video-preview:-1\" \/>\n<link rel=\"canonical\" href=\"https:\/\/bntbusiness.es\/blog\/calendario-laboral-2026-festivos-nacionales\/\" \/>\n<meta property=\"og:locale\" content=\"es_ES\" \/>\n<meta property=\"og:type\" content=\"article\" \/>\n<meta property=\"og:title\" content=\"Calendario laboral 2026: Festivos nacionales | BNT\" \/>\n<meta property=\"og:description\" content=\"Conoce el calendario laboral 2026. Lista de festivos nacionales y consejos para gestionar tu centralita y horarios de empresa con antelaci\u00f3n.\" \/>\n<meta property=\"og:url\" content=\"https:\/\/bntbusiness.es\/blog\/calendario-laboral-2026-festivos-nacionales\/\" \/>\n<meta property=\"og:site_name\" content=\"BNT Business Telecom\" \/>\n<meta property=\"article:published_time\" content=\"2025-12-12T11:48:25+00:00\" \/>\n<meta property=\"og:image\" content=\"https:\/\/bntbusiness.es\/blog\/wp-content\/uploads\/2025\/11\/Calendario-de-Festivos-Nacionales-2026.png\" \/>\n\t<meta property=\"og:image:width\" content=\"1200\" \/>\n\t<meta property=\"og:image:height\" content=\"600\" \/>\n\t<meta property=\"og:image:type\" content=\"image\/png\" \/>\n<meta name=\"author\" content=\"BNT Business Telecom\" \/>\n<meta name=\"twitter:card\" content=\"summary_large_image\" \/>\n<meta name=\"twitter:label1\" content=\"Escrito por\" \/>\n\t<meta name=\"twitter:data1\" content=\"BNT Business Telecom\" \/>\n\t<meta name=\"twitter:label2\" content=\"Tiempo de lectura\" \/>\n\t<meta name=\"twitter:data2\" content=\"3 minutos\" \/>\n<script type=\"application\/ld+json\" class=\"yoast-schema-graph\">{\"@context\":\"https:\/\/schema.org\",\"@graph\":[{\"@type\":\"Article\",\"@id\":\"https:\/\/bntbusiness.es\/blog\/calendario-laboral-2026-festivos-nacionales\/#article\",\"isPartOf\":{\"@id\":\"https:\/\/bntbusiness.es\/blog\/calendario-laboral-2026-festivos-nacionales\/\"},\"author\":{\"name\":\"BNT Business Telecom\",\"@id\":\"https:\/\/bntbusiness.es\/blog\/#\/schema\/person\/88f3cf889e073debf292285f509b631d\"},\"headline\":\"Calendario de Festivos Nacionales 2026: Planifica tu Estrategia para el Pr\u00f3ximo A\u00f1o\",\"datePublished\":\"2025-12-12T11:48:25+00:00\",\"mainEntityOfPage\":{\"@id\":\"https:\/\/bntbusiness.es\/blog\/calendario-laboral-2026-festivos-nacionales\/\"},\"wordCount\":475,\"publisher\":{\"@id\":\"https:\/\/bntbusiness.es\/blog\/#organization\"},\"image\":{\"@id\":\"https:\/\/bntbusiness.es\/blog\/calendario-laboral-2026-festivos-nacionales\/#primaryimage\"},\"thumbnailUrl\":\"https:\/\/bntbusiness.es\/blog\/wp-content\/uploads\/2025\/11\/Calendario-de-Festivos-Nacionales-2026.png\",\"keywords\":[\"calendario\",\"calendario de festivos\",\"Centralita Virtual\"],\"articleSection\":[\"Centralitas\",\"Noticias\",\"Novedades BNT\",\"Teletrabajo\"],\"inLanguage\":\"es\"},{\"@type\":\"WebPage\",\"@id\":\"https:\/\/bntbusiness.es\/blog\/calendario-laboral-2026-festivos-nacionales\/\",\"url\":\"https:\/\/bntbusiness.es\/blog\/calendario-laboral-2026-festivos-nacionales\/\",\"name\":\"Calendario laboral 2026: Festivos nacionales | BNT\",\"isPartOf\":{\"@id\":\"https:\/\/bntbusiness.es\/blog\/#website\"},\"primaryImageOfPage\":{\"@id\":\"https:\/\/bntbusiness.es\/blog\/calendario-laboral-2026-festivos-nacionales\/#primaryimage\"},\"image\":{\"@id\":\"https:\/\/bntbusiness.es\/blog\/calendario-laboral-2026-festivos-nacionales\/#primaryimage\"},\"thumbnailUrl\":\"https:\/\/bntbusiness.es\/blog\/wp-content\/uploads\/2025\/11\/Calendario-de-Festivos-Nacionales-2026.png\",\"datePublished\":\"2025-12-12T11:48:25+00:00\",\"description\":\"Conoce el calendario laboral 2026. Lista de festivos nacionales y consejos para gestionar tu centralita y horarios de empresa con antelaci\u00f3n.\",\"breadcrumb\":{\"@id\":\"https:\/\/bntbusiness.es\/blog\/calendario-laboral-2026-festivos-nacionales\/#breadcrumb\"},\"inLanguage\":\"es\",\"potentialAction\":[{\"@type\":\"ReadAction\",\"target\":[\"https:\/\/bntbusiness.es\/blog\/calendario-laboral-2026-festivos-nacionales\/\"]}]},{\"@type\":\"ImageObject\",\"inLanguage\":\"es\",\"@id\":\"https:\/\/bntbusiness.es\/blog\/calendario-laboral-2026-festivos-nacionales\/#primaryimage\",\"url\":\"https:\/\/bntbusiness.es\/blog\/wp-content\/uploads\/2025\/11\/Calendario-de-Festivos-Nacionales-2026.png\",\"contentUrl\":\"https:\/\/bntbusiness.es\/blog\/wp-content\/uploads\/2025\/11\/Calendario-de-Festivos-Nacionales-2026.png\",\"width\":1200,\"height\":600,\"caption\":\"Calendario de Festivos Nacionales 2026\"},{\"@type\":\"BreadcrumbList\",\"@id\":\"https:\/\/bntbusiness.es\/blog\/calendario-laboral-2026-festivos-nacionales\/#breadcrumb\",\"itemListElement\":[{\"@type\":\"ListItem\",\"position\":1,\"name\":\"Portada\",\"item\":\"https:\/\/bntbusiness.es\/blog\/\"},{\"@type\":\"ListItem\",\"position\":2,\"name\":\"Calendario de Festivos Nacionales 2026: Planifica tu Estrategia para el Pr\u00f3ximo A\u00f1o\"}]},{\"@type\":\"WebSite\",\"@id\":\"https:\/\/bntbusiness.es\/blog\/#website\",\"url\":\"https:\/\/bntbusiness.es\/blog\/\",\"name\":\"BNT Business Telecom\",\"description\":\"Noticias y servicios de telecomunicaciones\",\"publisher\":{\"@id\":\"https:\/\/bntbusiness.es\/blog\/#organization\"},\"potentialAction\":[{\"@type\":\"SearchAction\",\"target\":{\"@type\":\"EntryPoint\",\"urlTemplate\":\"https:\/\/bntbusiness.es\/blog\/?s={search_term_string}\"},\"query-input\":{\"@type\":\"PropertyValueSpecification\",\"valueRequired\":true,\"valueName\":\"search_term_string\"}}],\"inLanguage\":\"es\"},{\"@type\":\"Organization\",\"@id\":\"https:\/\/bntbusiness.es\/blog\/#organization\",\"name\":\"BNT Business Telecom\",\"url\":\"https:\/\/bntbusiness.es\/blog\/\",\"logo\":{\"@type\":\"ImageObject\",\"inLanguage\":\"es\",\"@id\":\"https:\/\/bntbusiness.es\/blog\/#\/schema\/logo\/image\/\",\"url\":\"https:\/\/bntbusiness.es\/blog\/wp-content\/uploads\/2025\/01\/cropped-bnt_logo.png\",\"contentUrl\":\"https:\/\/bntbusiness.es\/blog\/wp-content\/uploads\/2025\/01\/cropped-bnt_logo.png\",\"width\":200,\"height\":96,\"caption\":\"BNT Business Telecom\"},\"image\":{\"@id\":\"https:\/\/bntbusiness.es\/blog\/#\/schema\/logo\/image\/\"}},{\"@type\":\"Person\",\"@id\":\"https:\/\/bntbusiness.es\/blog\/#\/schema\/person\/88f3cf889e073debf292285f509b631d\",\"name\":\"BNT Business Telecom\",\"image\":{\"@type\":\"ImageObject\",\"inLanguage\":\"es\",\"@id\":\"https:\/\/bntbusiness.es\/blog\/#\/schema\/person\/image\/\",\"url\":\"https:\/\/secure.gravatar.com\/avatar\/c7831e15fe07145e6c590321d0be4bfd030e69b2a407d8eaa76b0ca9d01ae223?s=96&d=mm&r=g\",\"contentUrl\":\"https:\/\/secure.gravatar.com\/avatar\/c7831e15fe07145e6c590321d0be4bfd030e69b2a407d8eaa76b0ca9d01ae223?s=96&d=mm&r=g\",\"caption\":\"BNT Business Telecom\"},\"url\":\"https:\/\/bntbusiness.es\/blog\/author\/webmaster\/\"}]}<\/script>\n<!-- \/ Yoast SEO plugin. -->","yoast_head_json":{"title":"Calendario laboral 2026: Festivos nacionales | BNT","description":"Conoce el calendario laboral 2026. Lista de festivos nacionales y consejos para gestionar tu centralita y horarios de empresa con antelaci\u00f3n.","robots":{"index":"index","follow":"follow","max-snippet":"max-snippet:-1","max-image-preview":"max-image-preview:large","max-video-preview":"max-video-preview:-1"},"canonical":"https:\/\/bntbusiness.es\/blog\/calendario-laboral-2026-festivos-nacionales\/","og_locale":"es_ES","og_type":"article","og_title":"Calendario laboral 2026: Festivos nacionales | BNT","og_description":"Conoce el calendario laboral 2026. Lista de festivos nacionales y consejos para gestionar tu centralita y horarios de empresa con antelaci\u00f3n.","og_url":"https:\/\/bntbusiness.es\/blog\/calendario-laboral-2026-festivos-nacionales\/","og_site_name":"BNT Business Telecom","article_published_time":"2025-12-12T11:48:25+00:00","og_image":[{"width":1200,"height":600,"url":"https:\/\/bntbusiness.es\/blog\/wp-content\/uploads\/2025\/11\/Calendario-de-Festivos-Nacionales-2026.png","type":"image\/png"}],"author":"BNT Business Telecom","twitter_card":"summary_large_image","twitter_misc":{"Escrito por":"BNT Business Telecom","Tiempo de lectura":"3 minutos"},"schema":{"@context":"https:\/\/schema.org","@graph":[{"@type":"Article","@id":"https:\/\/bntbusiness.es\/blog\/calendario-laboral-2026-festivos-nacionales\/#article","isPartOf":{"@id":"https:\/\/bntbusiness.es\/blog\/calendario-laboral-2026-festivos-nacionales\/"},"author":{"name":"BNT Business Telecom","@id":"https:\/\/bntbusiness.es\/blog\/#\/schema\/person\/88f3cf889e073debf292285f509b631d"},"headline":"Calendario de Festivos Nacionales 2026: Planifica tu Estrategia para el Pr\u00f3ximo A\u00f1o","datePublished":"2025-12-12T11:48:25+00:00","mainEntityOfPage":{"@id":"https:\/\/bntbusiness.es\/blog\/calendario-laboral-2026-festivos-nacionales\/"},"wordCount":475,"publisher":{"@id":"https:\/\/bntbusiness.es\/blog\/#organization"},"image":{"@id":"https:\/\/bntbusiness.es\/blog\/calendario-laboral-2026-festivos-nacionales\/#primaryimage"},"thumbnailUrl":"https:\/\/bntbusiness.es\/blog\/wp-content\/uploads\/2025\/11\/Calendario-de-Festivos-Nacionales-2026.png","keywords":["calendario","calendario de festivos","Centralita Virtual"],"articleSection":["Centralitas","Noticias","Novedades BNT","Teletrabajo"],"inLanguage":"es"},{"@type":"WebPage","@id":"https:\/\/bntbusiness.es\/blog\/calendario-laboral-2026-festivos-nacionales\/","url":"https:\/\/bntbusiness.es\/blog\/calendario-laboral-2026-festivos-nacionales\/","name":"Calendario laboral 2026: Festivos nacionales | BNT","isPartOf":{"@id":"https:\/\/bntbusiness.es\/blog\/#website"},"primaryImageOfPage":{"@id":"https:\/\/bntbusiness.es\/blog\/calendario-laboral-2026-festivos-nacionales\/#primaryimage"},"image":{"@id":"https:\/\/bntbusiness.es\/blog\/calendario-laboral-2026-festivos-nacionales\/#primaryimage"},"thumbnailUrl":"https:\/\/bntbusiness.es\/blog\/wp-content\/uploads\/2025\/11\/Calendario-de-Festivos-Nacionales-2026.png","datePublished":"2025-12-12T11:48:25+00:00","description":"Conoce el calendario laboral 2026. Lista de festivos nacionales y consejos para gestionar tu centralita y horarios de empresa con antelaci\u00f3n.","breadcrumb":{"@id":"https:\/\/bntbusiness.es\/blog\/calendario-laboral-2026-festivos-nacionales\/#breadcrumb"},"inLanguage":"es","potentialAction":[{"@type":"ReadAction","target":["https:\/\/bntbusiness.es\/blog\/calendario-laboral-2026-festivos-nacionales\/"]}]},{"@type":"ImageObject","inLanguage":"es","@id":"https:\/\/bntbusiness.es\/blog\/calendario-laboral-2026-festivos-nacionales\/#primaryimage","url":"https:\/\/bntbusiness.es\/blog\/wp-content\/uploads\/2025\/11\/Calendario-de-Festivos-Nacionales-2026.png","contentUrl":"https:\/\/bntbusiness.es\/blog\/wp-content\/uploads\/2025\/11\/Calendario-de-Festivos-Nacionales-2026.png","width":1200,"height":600,"caption":"Calendario de Festivos Nacionales 2026"},{"@type":"BreadcrumbList","@id":"https:\/\/bntbusiness.es\/blog\/calendario-laboral-2026-festivos-nacionales\/#breadcrumb","itemListElement":[{"@type":"ListItem","position":1,"name":"Portada","item":"https:\/\/bntbusiness.es\/blog\/"},{"@type":"ListItem","position":2,"name":"Calendario de Festivos Nacionales 2026: Planifica tu Estrategia para el Pr\u00f3ximo A\u00f1o"}]},{"@type":"WebSite","@id":"https:\/\/bntbusiness.es\/blog\/#website","url":"https:\/\/bntbusiness.es\/blog\/","name":"BNT Business Telecom","description":"Noticias y servicios de telecomunicaciones","publisher":{"@id":"https:\/\/bntbusiness.es\/blog\/#organization"},"potentialAction":[{"@type":"SearchAction","target":{"@type":"EntryPoint","urlTemplate":"https:\/\/bntbusiness.es\/blog\/?s={search_term_string}"},"query-input":{"@type":"PropertyValueSpecification","valueRequired":true,"valueName":"search_term_string"}}],"inLanguage":"es"},{"@type":"Organization","@id":"https:\/\/bntbusiness.es\/blog\/#organization","name":"BNT Business Telecom","url":"https:\/\/bntbusiness.es\/blog\/","logo":{"@type":"ImageObject","inLanguage":"es","@id":"https:\/\/bntbusiness.es\/blog\/#\/schema\/logo\/image\/","url":"https:\/\/bntbusiness.es\/blog\/wp-content\/uploads\/2025\/01\/cropped-bnt_logo.png","contentUrl":"https:\/\/bntbusiness.es\/blog\/wp-content\/uploads\/2025\/01\/cropped-bnt_logo.png","width":200,"height":96,"caption":"BNT Business Telecom"},"image":{"@id":"https:\/\/bntbusiness.es\/blog\/#\/schema\/logo\/image\/"}},{"@type":"Person","@id":"https:\/\/bntbusiness.es\/blog\/#\/schema\/person\/88f3cf889e073debf292285f509b631d","name":"BNT Business Telecom","image":{"@type":"ImageObject","inLanguage":"es","@id":"https:\/\/bntbusiness.es\/blog\/#\/schema\/person\/image\/","url":"https:\/\/secure.gravatar.com\/avatar\/c7831e15fe07145e6c590321d0be4bfd030e69b2a407d8eaa76b0ca9d01ae223?s=96&d=mm&r=g","contentUrl":"https:\/\/secure.gravatar.com\/avatar\/c7831e15fe07145e6c590321d0be4bfd030e69b2a407d8eaa76b0ca9d01ae223?s=96&d=mm&r=g","caption":"BNT Business Telecom"},"url":"https:\/\/bntbusiness.es\/blog\/author\/webmaster\/"}]}},"_links":{"self":[{"href":"https:\/\/bntbusiness.es\/blog\/wp-json\/wp\/v2\/posts\/5189","targetHints":{"allow":["GET"]}}],"collection":[{"href":"https:\/\/bntbusiness.es\/blog\/wp-json\/wp\/v2\/posts"}],"about":[{"href":"https:\/\/bntbusiness.es\/blog\/wp-json\/wp\/v2\/types\/post"}],"author":[{"embeddable":true,"href":"https:\/\/bntbusiness.es\/blog\/wp-json\/wp\/v2\/users\/2"}],"replies":[{"embeddable":true,"href":"https:\/\/bntbusiness.es\/blog\/wp-json\/wp\/v2\/comments?post=5189"}],"version-history":[{"count":35,"href":"https:\/\/bntbusiness.es\/blog\/wp-json\/wp\/v2\/posts\/5189\/revisions"}],"predecessor-version":[{"id":5247,"href":"https:\/\/bntbusiness.es\/blog\/wp-json\/wp\/v2\/posts\/5189\/revisions\/5247"}],"wp:featuredmedia":[{"embeddable":true,"href":"https:\/\/bntbusiness.es\/blog\/wp-json\/wp\/v2\/media\/5208"}],"wp:attachment":[{"href":"https:\/\/bntbusiness.es\/blog\/wp-json\/wp\/v2\/media?parent=5189"}],"wp:term":[{"taxonomy":"category","embeddable":true,"href":"https:\/\/bntbusiness.es\/blog\/wp-json\/wp\/v2\/categories?post=5189"},{"taxonomy":"post_tag","embeddable":true,"href":"https:\/\/bntbusiness.es\/blog\/wp-json\/wp\/v2\/tags?post=5189"}],"curies":[{"name":"wp","href":"https:\/\/api.w.org\/{rel}","templated":true}]}}